{"id":1074,"date":"2021-01-18T09:08:22","date_gmt":"2021-01-18T08:08:22","guid":{"rendered":"https:\/\/www.gutachter-burkel.de\/index.php\/newsletter-bvsk-recht-aktuell-2021-kw-02\/"},"modified":"2021-01-18T09:08:22","modified_gmt":"2021-01-18T08:08:22","slug":"newsletter-bvsk-recht-aktuell-2021-kw-02","status":"publish","type":"post","link":"https:\/\/www.gutachter-burkel.de\/index.php\/newsletter-bvsk-recht-aktuell-2021-kw-02\/","title":{"rendered":"Newsletter BVSK-Recht-Aktuell &#8211; 2021\/KW 02"},"content":{"rendered":"<p>Den aktuellen Newsletter &#8222;BVSK-Recht-Aktuell &#8211; 2021\/KW 02&#8220; finden Sie hier:<\/p>\n<p><strong>Kauf eines Gebrauchtwagens der Marke Audi nach Bekanntwerden des Abgasskandals<\/strong><br \/>BGH, Urteil vom 08.12.2020, AZ: VI ZR 244\/20<br \/>\u00a0<br \/><strong>Kostenersatz f\u00fcr Werbebeschriftung auf unfallbesch\u00e4digtem Fahrzeug bei fiktiver Schadenabrechnung<\/strong><br \/>LG Zweibr\u00fccken, Beschluss vom 16.11.2020, Az. 3 S 48\/19<br \/>\u00a0<br \/><strong>Mietwagenkosten, Standgeb\u00fchren, An- und Abmeldekosten bei verl\u00e4ngerter Ausfallzeit des totalbesch\u00e4digten Fahrzeugs aufgrund eines Kfz-Haftpflichtschadens<\/strong><br \/>AG Aschaffenburg, Urteil vom 10.11.2020, AZ: 115 C 819\/20<br \/>\u00a0<br \/><strong>Grundhonorar und Nebenkosten sind nach BVSK-Honorarbefragung bzw. JVEG zu erstatten<\/strong><br \/>AG K\u00f6ln, Urteil vom 03.12.2020, AZ: 269 C 71\/20<\/p>\n<p><a href=\"https:\/\/bvsk.de\/mitglieder\/rundschreiben-sv\/detail\/index.php?eID=dumpFile&amp;t=f&amp;f=2105&amp;token=d4a9ef38501fdd98c2bb126d46d28beb1c490602\"><strong><u>BVSK-Recht-Aktuell &#8211; 2021\/KW 02<\/u><\/strong><\/a><\/p>\n","protected":false},"excerpt":{"rendered":"<p>Den aktuellen Newsletter &#8222;BVSK-Recht-Aktuell &#8211; 2021\/KW 02&#8220; finden Sie hier: Kauf eines Gebrauchtwagens der Marke Audi nach Bekanntwerden des AbgasskandalsBGH, Urteil vom 08.12.2020, AZ: VI ZR 244\/20\u00a0Kostenersatz f\u00fcr Werbebeschriftung auf unfallbesch\u00e4digtem Fahrzeug bei fiktiver SchadenabrechnungLG Zweibr\u00fccken, Beschluss vom 16.11.2020, Az. 3 S 48\/19\u00a0Mietwagenkosten, Standgeb\u00fchren, An- und Abmeldekosten bei verl\u00e4ngerter Ausfallzeit des totalbesch\u00e4digten Fahrzeugs aufgrund eines [&hellip;]<\/p>\n","protected":false},"author":1,"featured_media":0,"comment_status":"closed","ping_status":"closed","sticky":false,"template":"","format":"standard","meta":[],"categories":[1,14],"tags":[],"aioseo_notices":[],"_links":{"self":[{"href":"https:\/\/www.gutachter-burkel.de\/index.php\/wp-json\/wp\/v2\/posts\/1074"}],"collection":[{"href":"https:\/\/www.gutachter-burkel.de\/index.php\/wp-json\/wp\/v2\/posts"}],"about":[{"href":"https:\/\/www.gutachter-burkel.de\/index.php\/wp-json\/wp\/v2\/types\/post"}],"author":[{"embeddable":true,"href":"https:\/\/www.gutachter-burkel.de\/index.php\/wp-json\/wp\/v2\/users\/1"}],"replies":[{"embeddable":true,"href":"https:\/\/www.gutachter-burkel.de\/index.php\/wp-json\/wp\/v2\/comments?post=1074"}],"version-history":[{"count":0,"href":"https:\/\/www.gutachter-burkel.de\/index.php\/wp-json\/wp\/v2\/posts\/1074\/revisions"}],"wp:attachment":[{"href":"https:\/\/www.gutachter-burkel.de\/index.php\/wp-json\/wp\/v2\/media?parent=1074"}],"wp:term":[{"taxonomy":"category","embeddable":true,"href":"https:\/\/www.gutachter-burkel.de\/index.php\/wp-json\/wp\/v2\/categories?post=1074"},{"taxonomy":"post_tag","embeddable":true,"href":"https:\/\/www.gutachter-burkel.de\/index.php\/wp-json\/wp\/v2\/tags?post=1074"}],"curies":[{"name":"wp","href":"https:\/\/api.w.org\/{rel}","templated":true}]}}