{"id":1217,"date":"2023-05-22T10:00:00","date_gmt":"2023-05-22T10:00:00","guid":{"rendered":"https:\/\/www.gutachter-burkel.de\/?p=1217"},"modified":"2023-05-22T10:00:00","modified_gmt":"2023-05-22T10:00:00","slug":"newsletter-bvsk-recht-aktuell-2023-kw-20","status":"publish","type":"post","link":"https:\/\/www.gutachter-burkel.de\/index.php\/newsletter-bvsk-recht-aktuell-2023-kw-20\/","title":{"rendered":"Newsletter BVSK-RECHT-AKTUELL &#8211; 2023 \/ KW 20"},"content":{"rendered":"<p>Den aktuellen\u00a0Newsletter BVSK-RECHT-AKTUELL &#8211; 2023 \/ KW 20 finden Sie hier:<\/p>\n<p><strong>H\u00f6he der Mietwagenkosten aufgrund von Verz\u00f6gerungen bei der Reparatur (11.480,51 \u20ac an Mietwagenkosten f\u00fcr 113 Tage zugesprochen)<\/strong><br \/>LG Schweinfurt, Urteil vom 20.03.2023, AZ: 23 O 846\/22<br \/>\u00a0<br \/><strong>Keine K\u00fcrzung der merkantilen Wertminderung trotz Vorsteuerabzug<\/strong><br \/>AG Augsburg, Urteil vom 02.02.2023, AZ: 15 C 104\/23<br \/>\u00a0<br \/><strong>Zeitpunkt des Verweises auf g\u00fcnstigere Referenzwerkstatt, Erstattbarkeit der Kosten einer erg\u00e4nzenden Stellungnahme des Sachverst\u00e4ndigen<\/strong><br \/>AG K\u00f6ln, Urteil vom 10.08.2022, AZ: 262 C 119\/20<br \/>\u00a0<br \/><strong>Sachverst\u00e4ndigenkosten nach BVSK, jedoch Nebenkosten nicht (vollst\u00e4ndig) erstattbar; Desinfektionskosten best\u00e4tigt; Mietwagenkosten nach Fracke<\/strong><br \/>AG M\u00fcnster, Urteil vom 30.12.2022, AZ: 4 C 2311\/22<\/p>\n<p><a href=\"https:\/\/rdir.inxmail.com\/bvsk\/d\/d.php?o00007mq000chi00o0000p5q000000000bdgspdhkwsro5zeb22rv50wpw46\"><strong><u>BVSK-Recht-Aktuell &#8211; 2023 \/ KW 20<\/u><\/strong><\/a><\/p>\n","protected":false},"excerpt":{"rendered":"<p>Den aktuellen\u00a0Newsletter BVSK-RECHT-AKTUELL &#8211; 2023 \/ KW 20 finden Sie hier: H\u00f6he der Mietwagenkosten aufgrund von Verz\u00f6gerungen bei der Reparatur (11.480,51 \u20ac an Mietwagenkosten f\u00fcr 113 Tage zugesprochen)LG Schweinfurt, Urteil vom 20.03.2023, AZ: 23 O 846\/22\u00a0Keine K\u00fcrzung der merkantilen Wertminderung trotz VorsteuerabzugAG Augsburg, Urteil vom 02.02.2023, AZ: 15 C 104\/23\u00a0Zeitpunkt des Verweises auf g\u00fcnstigere Referenzwerkstatt, [&hellip;]<\/p>\n","protected":false},"author":1,"featured_media":0,"comment_status":"closed","ping_status":"closed","sticky":false,"template":"","format":"standard","meta":[],"categories":[1,14],"tags":[],"aioseo_notices":[],"_links":{"self":[{"href":"https:\/\/www.gutachter-burkel.de\/index.php\/wp-json\/wp\/v2\/posts\/1217"}],"collection":[{"href":"https:\/\/www.gutachter-burkel.de\/index.php\/wp-json\/wp\/v2\/posts"}],"about":[{"href":"https:\/\/www.gutachter-burkel.de\/index.php\/wp-json\/wp\/v2\/types\/post"}],"author":[{"embeddable":true,"href":"https:\/\/www.gutachter-burkel.de\/index.php\/wp-json\/wp\/v2\/users\/1"}],"replies":[{"embeddable":true,"href":"https:\/\/www.gutachter-burkel.de\/index.php\/wp-json\/wp\/v2\/comments?post=1217"}],"version-history":[{"count":0,"href":"https:\/\/www.gutachter-burkel.de\/index.php\/wp-json\/wp\/v2\/posts\/1217\/revisions"}],"wp:attachment":[{"href":"https:\/\/www.gutachter-burkel.de\/index.php\/wp-json\/wp\/v2\/media?parent=1217"}],"wp:term":[{"taxonomy":"category","embeddable":true,"href":"https:\/\/www.gutachter-burkel.de\/index.php\/wp-json\/wp\/v2\/categories?post=1217"},{"taxonomy":"post_tag","embeddable":true,"href":"https:\/\/www.gutachter-burkel.de\/index.php\/wp-json\/wp\/v2\/tags?post=1217"}],"curies":[{"name":"wp","href":"https:\/\/api.w.org\/{rel}","templated":true}]}}